{"id":605,"date":"2017-06-14T18:55:38","date_gmt":"2017-06-14T21:55:38","guid":{"rendered":"https:\/\/danielbydlowski.com\/?p=605&#038;lang=pt-br"},"modified":"2017-07-31T18:57:21","modified_gmt":"2017-07-31T21:57:21","slug":"meu-malvado-favorito-nao-perde-o-encanto-e-comedia","status":"publish","type":"post","link":"https:\/\/danielbydlowski.com\/pt-br\/meu-malvado-favorito-nao-perde-o-encanto-e-comedia\/","title":{"rendered":"Meu Malvado Favorito N\u00e3o Perde o Encanto&#8230; e a com\u00e9dia"},"content":{"rendered":"<p>Por mais que o primeiro filme de anima\u00e7\u00e3o da franquia de <em>Meu Malvado Favorito<\/em> tenha aparecido h\u00e1 sete anos atr\u00e1s, o novo longa traz o mesmo tipo de energia e com\u00e9dia que havia encantado o p\u00fablico. Para celebrar e entender como a franquia se manteve bem-sucedida, \u00e9 interessante tra\u00e7ar seu enredo desde a introdu\u00e7\u00e3o dos personagens que se tornaram queridos.<\/p>\n<p>A primeira produ\u00e7\u00e3o de <em>Meu Malvado Favorito<\/em> conta a hist\u00f3ria de Gru, voz de Steve Carell nos EUA e Leandro Hassum no Brasil, um supervil\u00e3o que deseja ser o melhor, ou mais precisamente pior, malvad\u00e3o do mundo. Por\u00e9m seu desejo \u00e9 quebrado quando um outro supervil\u00e3o, Vector (Jeason Segel nos EUA e Marcius Melhem na vers\u00e3o brasileira) rouba a mais antiga e maior pir\u00e2mide do Egito. Desesperado, n\u00e3o resta mais nada a Gru a n\u00e3o ser ent\u00e3o roubar a lua \u2013 uma tarefa n\u00e3o muito simples. Para isso, ele precisar\u00e1 roubar uma arma encolhedora que se encontra na fortaleza de seu oponente.<\/p>\n<p>Mesmo ajudado pelos atrapalhados Minions (os personagens mais engra\u00e7ados e queridos do filme) Gru n\u00e3o tem chance de entrar na fortaleza. At\u00e9 que conhece tr\u00eas meninas \u00f3rf\u00e3s que tentam vender biscoito para sobreviver. Gru, que tenta comicamente ser pai das meninas e ensin\u00e1-las a roubar o raio encolhedor, acaba sendo bem-sucedido em roubar a lua. Por\u00e9m, logo percebe que talvez n\u00e3o seja t\u00e3o mau assim, e que as meninas s\u00e3o mais valiosas para ele do que a pr\u00f3pria lua. O vil\u00e3o, sem querer, acaba formando uma fam\u00edlia inusitada.<\/p>\n<p>O segundo filme come\u00e7a com Gru tentando ser um normal, embora n\u00e3o muito afortunado, homem de neg\u00f3cios que pensa em sustentar sua nova fam\u00edlia. Claro, a tentativa de ser uma pessoa normal \u00e9 estra\u00e7alhada quando a liga de anti-vil\u00f5es pede ajuda para ele recuperar um poderoso mutag\u00eanico que altera o DNA e a forma de qualquer pessoa, e tamb\u00e9m qualquer Minion. Assim como no primeiro filme, o que parece ser uma com\u00e9dia de a\u00e7\u00e3o onde Gru tem um objetivo claro e certo, se transforma em uma com\u00e9dia familiar, onde o personagem v\u00ea suas emo\u00e7\u00f5es pessoais misturar com seus objetivos. Desta vez, ele se apaixona pela agente Lucy, que o ajuda a investigar o roubo do mutag\u00eanico. Em uma cena final hil\u00e1ria, Lucy admite que ela tamb\u00e9m gosta do vil\u00e3o, casando-se com ele e tornando-se a m\u00e3e que as meninas \u00f3rf\u00e3s sonhavam em ter.<\/p>\n<p>Antes do terceiro filme, os produtores ainda criaram <em>Minions<\/em>, um longa que conta a hist\u00f3ria de como os ajudantes atrapalhados de Gru evolu\u00edram desde o come\u00e7o do universo at\u00e9 se tornarem as criaturas amarelas de hoje. Sempre sendo vidrados no mau, os Minions no final encontram no jovem Gru o tipo de vil\u00e3o que sempre desejavam seguir.<\/p>\n<p>Esta trajet\u00f3ria divertida e c\u00f4mica nos tr\u00e1s ao terceiro filme da franquia. Agora, Gru, desempregado por n\u00e3o ser t\u00e3o bom em capturar vil\u00f5es, acaba encontrando seu irm\u00e3o g\u00eameo desconhecido, que \u00e9 milion\u00e1rio e&#8230; mau. Embora Gru tente manter uma nova vida normal, com sua mulher e suas filhas adotadas, o desejo de ser mau come\u00e7a a aparecer novamente, para a alegria dos Minions.<\/p>\n<p>Sem nunca perder o conflito geral da hist\u00f3ria, aquele desejo de ser mau versus o desejo de ter uma fam\u00edlia \u2013 e sem perder o tipo de com\u00e9dia que garantiu um filme pr\u00f3prio at\u00e9 a personagens secund\u00e1rios como os Minions \u2013 a franquia de <em>Meu Malvado Favorito<\/em> n\u00e3o falha desde a cria\u00e7\u00e3o do primeiro filme.<\/p>\n","protected":false},"excerpt":{"rendered":"<p>Por mais que o primeiro filme de anima\u00e7\u00e3o da franquia de Meu Malvado Favorito tenha aparecido h\u00e1 sete anos atr\u00e1s, o novo longa traz o mesmo tipo de energia e com\u00e9dia que havia encantado o p\u00fablico. Para celebrar e entender como a franquia se manteve bem-sucedida, \u00e9 interessante tra\u00e7ar seu enredo desde a introdu\u00e7\u00e3o dos [&hellip;]<\/p>\n","protected":false},"author":2,"featured_media":0,"comment_status":"open","ping_status":"open","sticky":false,"template":"","format":"standard","meta":{"footnotes":""},"categories":[9],"tags":[44,13,11,153,156,34,154,152,93,155],"class_list":["post-605","post","type-post","status-publish","format-standard","hentry","category-criticas","tag-cineasta","tag-cinema","tag-daniel-bydlowski","tag-gru","tag-leandro-hassum","tag-los-angeles","tag-meu-malvado-favorito","tag-minions","tag-series","tag-steve-carell"],"blocksy_meta":[],"yoast_head":"<!-- This site is optimized with the Yoast SEO plugin v27.4 - https:\/\/yoast.com\/product\/yoast-seo-wordpress\/ -->\n<title>Meu Malvado Favorito N\u00e3o Perde o Encanto... e a com\u00e9dia | Daniel Bydlowski<\/title>\n<meta name=\"robots\" content=\"index, follow, max-snippet:-1, max-image-preview:large, max-video-preview:-1\" \/>\n<link rel=\"canonical\" href=\"https:\/\/danielbydlowski.com\/meu-malvado-favorito-nao-perde-o-encanto-e-comedia\/\" \/>\n<meta property=\"og:locale\" content=\"pt_BR\" \/>\n<meta property=\"og:type\" content=\"article\" \/>\n<meta property=\"og:title\" content=\"Meu Malvado Favorito N\u00e3o Perde o Encanto... e a com\u00e9dia | Daniel Bydlowski\" \/>\n<meta property=\"og:description\" content=\"Por mais que o primeiro filme de anima\u00e7\u00e3o da franquia de Meu Malvado Favorito tenha aparecido h\u00e1 sete anos atr\u00e1s, o novo longa traz o mesmo tipo de energia e com\u00e9dia que havia encantado o p\u00fablico. Para celebrar e entender como a franquia se manteve bem-sucedida, \u00e9 interessante tra\u00e7ar seu enredo desde a introdu\u00e7\u00e3o dos [&hellip;]\" \/>\n<meta property=\"og:url\" content=\"https:\/\/danielbydlowski.com\/meu-malvado-favorito-nao-perde-o-encanto-e-comedia\/\" \/>\n<meta property=\"og:site_name\" content=\"Daniel Bydlowski\" \/>\n<meta property=\"article:publisher\" content=\"https:\/\/www.facebook.com\/DanielBydlowski\" \/>\n<meta property=\"article:published_time\" content=\"2017-06-14T21:55:38+00:00\" \/>\n<meta property=\"article:modified_time\" content=\"2017-07-31T21:57:21+00:00\" \/>\n<meta name=\"author\" content=\"Daniel Bydlowski\" \/>\n<meta name=\"twitter:card\" content=\"summary_large_image\" \/>\n<meta name=\"twitter:label1\" content=\"Escrito por\" \/>\n\t<meta name=\"twitter:data1\" content=\"Daniel Bydlowski\" \/>\n\t<meta name=\"twitter:label2\" content=\"Est. tempo de leitura\" \/>\n\t<meta name=\"twitter:data2\" content=\"3 minutos\" \/>\n<script type=\"application\/ld+json\" class=\"yoast-schema-graph\">{\"@context\":\"https:\\\/\\\/schema.org\",\"@graph\":[{\"@type\":\"Article\",\"@id\":\"https:\\\/\\\/danielbydlowski.com\\\/meu-malvado-favorito-nao-perde-o-encanto-e-comedia\\\/#article\",\"isPartOf\":{\"@id\":\"https:\\\/\\\/danielbydlowski.com\\\/meu-malvado-favorito-nao-perde-o-encanto-e-comedia\\\/\"},\"author\":{\"name\":\"Daniel Bydlowski\",\"@id\":\"https:\\\/\\\/danielbydlowski.com\\\/#\\\/schema\\\/person\\\/5214e40cb93f5b93e89062b071964e28\"},\"headline\":\"Meu Malvado Favorito N\u00e3o Perde o Encanto&#8230; e a com\u00e9dia\",\"datePublished\":\"2017-06-14T21:55:38+00:00\",\"dateModified\":\"2017-07-31T21:57:21+00:00\",\"mainEntityOfPage\":{\"@id\":\"https:\\\/\\\/danielbydlowski.com\\\/meu-malvado-favorito-nao-perde-o-encanto-e-comedia\\\/\"},\"wordCount\":642,\"commentCount\":0,\"keywords\":[\"cineasta\",\"cinema\",\"Daniel Bydlowski\",\"Gru\",\"Leandro Hassum\",\"Los Angeles\",\"Meu Malvado Favorito\",\"Minions\",\"Series\",\"Steve Carell\"],\"articleSection\":[\"Cr\u00edticas\"],\"inLanguage\":\"pt-BR\",\"potentialAction\":[{\"@type\":\"CommentAction\",\"name\":\"Comment\",\"target\":[\"https:\\\/\\\/danielbydlowski.com\\\/meu-malvado-favorito-nao-perde-o-encanto-e-comedia\\\/#respond\"]}]},{\"@type\":\"WebPage\",\"@id\":\"https:\\\/\\\/danielbydlowski.com\\\/meu-malvado-favorito-nao-perde-o-encanto-e-comedia\\\/\",\"url\":\"https:\\\/\\\/danielbydlowski.com\\\/meu-malvado-favorito-nao-perde-o-encanto-e-comedia\\\/\",\"name\":\"Meu Malvado Favorito N\u00e3o Perde o Encanto... e a com\u00e9dia | Daniel Bydlowski\",\"isPartOf\":{\"@id\":\"https:\\\/\\\/danielbydlowski.com\\\/#website\"},\"datePublished\":\"2017-06-14T21:55:38+00:00\",\"dateModified\":\"2017-07-31T21:57:21+00:00\",\"author\":{\"@id\":\"https:\\\/\\\/danielbydlowski.com\\\/#\\\/schema\\\/person\\\/5214e40cb93f5b93e89062b071964e28\"},\"breadcrumb\":{\"@id\":\"https:\\\/\\\/danielbydlowski.com\\\/meu-malvado-favorito-nao-perde-o-encanto-e-comedia\\\/#breadcrumb\"},\"inLanguage\":\"pt-BR\",\"potentialAction\":[{\"@type\":\"ReadAction\",\"target\":[\"https:\\\/\\\/danielbydlowski.com\\\/meu-malvado-favorito-nao-perde-o-encanto-e-comedia\\\/\"]}]},{\"@type\":\"BreadcrumbList\",\"@id\":\"https:\\\/\\\/danielbydlowski.com\\\/meu-malvado-favorito-nao-perde-o-encanto-e-comedia\\\/#breadcrumb\",\"itemListElement\":[{\"@type\":\"ListItem\",\"position\":1,\"name\":\"In\u00edcio\",\"item\":\"https:\\\/\\\/danielbydlowski.com\\\/\"},{\"@type\":\"ListItem\",\"position\":2,\"name\":\"Meu Malvado Favorito N\u00e3o Perde o Encanto&#8230; e a com\u00e9dia\"}]},{\"@type\":\"WebSite\",\"@id\":\"https:\\\/\\\/danielbydlowski.com\\\/#website\",\"url\":\"https:\\\/\\\/danielbydlowski.com\\\/\",\"name\":\"Daniel Bydlowski\",\"description\":\"Film Director\",\"potentialAction\":[{\"@type\":\"SearchAction\",\"target\":{\"@type\":\"EntryPoint\",\"urlTemplate\":\"https:\\\/\\\/danielbydlowski.com\\\/?s={search_term_string}\"},\"query-input\":{\"@type\":\"PropertyValueSpecification\",\"valueRequired\":true,\"valueName\":\"search_term_string\"}}],\"inLanguage\":\"pt-BR\"},{\"@type\":\"Person\",\"@id\":\"https:\\\/\\\/danielbydlowski.com\\\/#\\\/schema\\\/person\\\/5214e40cb93f5b93e89062b071964e28\",\"name\":\"Daniel Bydlowski\",\"image\":{\"@type\":\"ImageObject\",\"inLanguage\":\"pt-BR\",\"@id\":\"https:\\\/\\\/secure.gravatar.com\\\/avatar\\\/72fb7720cfae39d179a17f2cede19cac5744bcc4c0f902d2792fbc225e24d234?s=96&d=mm&r=g\",\"url\":\"https:\\\/\\\/secure.gravatar.com\\\/avatar\\\/72fb7720cfae39d179a17f2cede19cac5744bcc4c0f902d2792fbc225e24d234?s=96&d=mm&r=g\",\"contentUrl\":\"https:\\\/\\\/secure.gravatar.com\\\/avatar\\\/72fb7720cfae39d179a17f2cede19cac5744bcc4c0f902d2792fbc225e24d234?s=96&d=mm&r=g\",\"caption\":\"Daniel Bydlowski\"},\"sameAs\":[\"https:\\\/\\\/danielbydlowski.com\"]}]}<\/script>\n<!-- \/ Yoast SEO plugin. -->","yoast_head_json":{"title":"Meu Malvado Favorito N\u00e3o Perde o Encanto... e a com\u00e9dia | Daniel Bydlowski","robots":{"index":"index","follow":"follow","max-snippet":"max-snippet:-1","max-image-preview":"max-image-preview:large","max-video-preview":"max-video-preview:-1"},"canonical":"https:\/\/danielbydlowski.com\/meu-malvado-favorito-nao-perde-o-encanto-e-comedia\/","og_locale":"pt_BR","og_type":"article","og_title":"Meu Malvado Favorito N\u00e3o Perde o Encanto... e a com\u00e9dia | Daniel Bydlowski","og_description":"Por mais que o primeiro filme de anima\u00e7\u00e3o da franquia de Meu Malvado Favorito tenha aparecido h\u00e1 sete anos atr\u00e1s, o novo longa traz o mesmo tipo de energia e com\u00e9dia que havia encantado o p\u00fablico. Para celebrar e entender como a franquia se manteve bem-sucedida, \u00e9 interessante tra\u00e7ar seu enredo desde a introdu\u00e7\u00e3o dos [&hellip;]","og_url":"https:\/\/danielbydlowski.com\/meu-malvado-favorito-nao-perde-o-encanto-e-comedia\/","og_site_name":"Daniel Bydlowski","article_publisher":"https:\/\/www.facebook.com\/DanielBydlowski","article_published_time":"2017-06-14T21:55:38+00:00","article_modified_time":"2017-07-31T21:57:21+00:00","author":"Daniel Bydlowski","twitter_card":"summary_large_image","twitter_misc":{"Escrito por":"Daniel Bydlowski","Est. tempo de leitura":"3 minutos"},"schema":{"@context":"https:\/\/schema.org","@graph":[{"@type":"Article","@id":"https:\/\/danielbydlowski.com\/meu-malvado-favorito-nao-perde-o-encanto-e-comedia\/#article","isPartOf":{"@id":"https:\/\/danielbydlowski.com\/meu-malvado-favorito-nao-perde-o-encanto-e-comedia\/"},"author":{"name":"Daniel Bydlowski","@id":"https:\/\/danielbydlowski.com\/#\/schema\/person\/5214e40cb93f5b93e89062b071964e28"},"headline":"Meu Malvado Favorito N\u00e3o Perde o Encanto&#8230; e a com\u00e9dia","datePublished":"2017-06-14T21:55:38+00:00","dateModified":"2017-07-31T21:57:21+00:00","mainEntityOfPage":{"@id":"https:\/\/danielbydlowski.com\/meu-malvado-favorito-nao-perde-o-encanto-e-comedia\/"},"wordCount":642,"commentCount":0,"keywords":["cineasta","cinema","Daniel Bydlowski","Gru","Leandro Hassum","Los Angeles","Meu Malvado Favorito","Minions","Series","Steve Carell"],"articleSection":["Cr\u00edticas"],"inLanguage":"pt-BR","potentialAction":[{"@type":"CommentAction","name":"Comment","target":["https:\/\/danielbydlowski.com\/meu-malvado-favorito-nao-perde-o-encanto-e-comedia\/#respond"]}]},{"@type":"WebPage","@id":"https:\/\/danielbydlowski.com\/meu-malvado-favorito-nao-perde-o-encanto-e-comedia\/","url":"https:\/\/danielbydlowski.com\/meu-malvado-favorito-nao-perde-o-encanto-e-comedia\/","name":"Meu Malvado Favorito N\u00e3o Perde o Encanto... e a com\u00e9dia | Daniel Bydlowski","isPartOf":{"@id":"https:\/\/danielbydlowski.com\/#website"},"datePublished":"2017-06-14T21:55:38+00:00","dateModified":"2017-07-31T21:57:21+00:00","author":{"@id":"https:\/\/danielbydlowski.com\/#\/schema\/person\/5214e40cb93f5b93e89062b071964e28"},"breadcrumb":{"@id":"https:\/\/danielbydlowski.com\/meu-malvado-favorito-nao-perde-o-encanto-e-comedia\/#breadcrumb"},"inLanguage":"pt-BR","potentialAction":[{"@type":"ReadAction","target":["https:\/\/danielbydlowski.com\/meu-malvado-favorito-nao-perde-o-encanto-e-comedia\/"]}]},{"@type":"BreadcrumbList","@id":"https:\/\/danielbydlowski.com\/meu-malvado-favorito-nao-perde-o-encanto-e-comedia\/#breadcrumb","itemListElement":[{"@type":"ListItem","position":1,"name":"In\u00edcio","item":"https:\/\/danielbydlowski.com\/"},{"@type":"ListItem","position":2,"name":"Meu Malvado Favorito N\u00e3o Perde o Encanto&#8230; e a com\u00e9dia"}]},{"@type":"WebSite","@id":"https:\/\/danielbydlowski.com\/#website","url":"https:\/\/danielbydlowski.com\/","name":"Daniel Bydlowski","description":"Film Director","potentialAction":[{"@type":"SearchAction","target":{"@type":"EntryPoint","urlTemplate":"https:\/\/danielbydlowski.com\/?s={search_term_string}"},"query-input":{"@type":"PropertyValueSpecification","valueRequired":true,"valueName":"search_term_string"}}],"inLanguage":"pt-BR"},{"@type":"Person","@id":"https:\/\/danielbydlowski.com\/#\/schema\/person\/5214e40cb93f5b93e89062b071964e28","name":"Daniel Bydlowski","image":{"@type":"ImageObject","inLanguage":"pt-BR","@id":"https:\/\/secure.gravatar.com\/avatar\/72fb7720cfae39d179a17f2cede19cac5744bcc4c0f902d2792fbc225e24d234?s=96&d=mm&r=g","url":"https:\/\/secure.gravatar.com\/avatar\/72fb7720cfae39d179a17f2cede19cac5744bcc4c0f902d2792fbc225e24d234?s=96&d=mm&r=g","contentUrl":"https:\/\/secure.gravatar.com\/avatar\/72fb7720cfae39d179a17f2cede19cac5744bcc4c0f902d2792fbc225e24d234?s=96&d=mm&r=g","caption":"Daniel Bydlowski"},"sameAs":["https:\/\/danielbydlowski.com"]}]}},"_links":{"self":[{"href":"https:\/\/danielbydlowski.com\/pt-br\/wp-json\/wp\/v2\/posts\/605","targetHints":{"allow":["GET"]}}],"collection":[{"href":"https:\/\/danielbydlowski.com\/pt-br\/wp-json\/wp\/v2\/posts"}],"about":[{"href":"https:\/\/danielbydlowski.com\/pt-br\/wp-json\/wp\/v2\/types\/post"}],"author":[{"embeddable":true,"href":"https:\/\/danielbydlowski.com\/pt-br\/wp-json\/wp\/v2\/users\/2"}],"replies":[{"embeddable":true,"href":"https:\/\/danielbydlowski.com\/pt-br\/wp-json\/wp\/v2\/comments?post=605"}],"version-history":[{"count":1,"href":"https:\/\/danielbydlowski.com\/pt-br\/wp-json\/wp\/v2\/posts\/605\/revisions"}],"predecessor-version":[{"id":606,"href":"https:\/\/danielbydlowski.com\/pt-br\/wp-json\/wp\/v2\/posts\/605\/revisions\/606"}],"wp:attachment":[{"href":"https:\/\/danielbydlowski.com\/pt-br\/wp-json\/wp\/v2\/media?parent=605"}],"wp:term":[{"taxonomy":"category","embeddable":true,"href":"https:\/\/danielbydlowski.com\/pt-br\/wp-json\/wp\/v2\/categories?post=605"},{"taxonomy":"post_tag","embeddable":true,"href":"https:\/\/danielbydlowski.com\/pt-br\/wp-json\/wp\/v2\/tags?post=605"}],"curies":[{"name":"wp","href":"https:\/\/api.w.org\/{rel}","templated":true}]}}